{"id":16659,"date":"2015-01-28T14:25:52","date_gmt":"2015-01-28T14:25:52","guid":{"rendered":"https:\/\/mediashots.org\/?p=16659"},"modified":"2023-09-12T12:35:46","modified_gmt":"2023-09-12T12:35:46","slug":"6a-conferencia-internacional-de-digital-storytelling","status":"publish","type":"post","link":"https:\/\/mediashots.org\/en\/6a-conferencia-internacional-de-digital-storytelling\/","title":{"rendered":"6\u00aa Confer\u00eancia Internacional de Digital Storytelling"},"content":{"rendered":"<p>O mote desta edi\u00e7\u00e3o, marcada para os dias 25, 26 e 27 de setembro em Massachusetts, nos Estados Unidos, vai ser \u201cJuventude e Ativismo\u201d, um tema em destaque entre muitas outras \u00e1reas onde o Digital Storytelling est\u00e1 a ser explorado como a sa\u00fade, educa\u00e7\u00e3o, servi\u00e7o social, ambiente, patrim\u00f3nio e mem\u00f3rias, media participativos ou sustentabilidade, entre muitas outras.\u00a0Mais uma vez o encontro juntar\u00e1 facilitadores, acad\u00e9micos e ativistas que partilhar\u00e3o disserta\u00e7\u00f5es, experi\u00eancias e novos projetos, juntando as suas vozes e perspetivas.\u00a0E n\u00f3s l\u00e1 estaremos tamb\u00e9m!\u00a0[vc_separator type=&#8221;transparent&#8221; position=&#8221;center&#8221; up=&#8221;2&#8243; down=&#8221;0&#8243;]<blockquote class=' with_quote_icon' style=''><i class='fa fa-quote-right' style=''><\/i><h5 class='blockquote-text' style=''>E n\u00f3s l\u00e1 estaremos tamb\u00e9m!<\/h5><\/blockquote>[vc_separator type=&#8221;transparent&#8221; position=&#8221;center&#8221; up=&#8221;3&#8243; down=&#8221;0&#8243;][vc_column_text] \u00a0Toda a informa\u00e7\u00e3o no site da Confer\u00eancia, <a title=\"AQUI\" href=\"http:\/\/dst2015.org\/\" target=\"_blank\" rel=\"noopener\">AQUI<\/a><\/p>\n<p>&nbsp;<\/p>\n<p>&nbsp;<\/p>\n<p>&nbsp;<\/p>\n<p>&nbsp;<\/p>\n<p>&nbsp;<\/p>\n<p><span style=\"line-height: 1.5;\">\u00a0<\/span><\/p>\n<p>&nbsp;<\/p>\n<p>&nbsp;<\/p>\n<p>&nbsp;<\/p>\n<p>&nbsp;<\/p>\n<p>&nbsp;<\/p>\n<p>&nbsp;<\/p>\n<p>&nbsp;<\/p>\n<p>&nbsp;<\/p>\n","protected":false},"excerpt":{"rendered":"<p>O mote desta edi\u00e7\u00e3o, marcada para os dias 25, 26 e 27 de setembro em Massachusetts, nos Estados Unidos, vai ser \u201cJuventude e Ativismo\u201d, <\/p>\n","protected":false},"author":3,"featured_media":16506,"comment_status":"closed","ping_status":"closed","sticky":false,"template":"","format":"standard","meta":{"footnotes":""},"categories":[198],"tags":[],"class_list":["post-16659","post","type-post","status-publish","format-standard","has-post-thumbnail","hentry","category-uncategorized"],"_links":{"self":[{"href":"https:\/\/mediashots.org\/en\/wp-json\/wp\/v2\/posts\/16659","targetHints":{"allow":["GET"]}}],"collection":[{"href":"https:\/\/mediashots.org\/en\/wp-json\/wp\/v2\/posts"}],"about":[{"href":"https:\/\/mediashots.org\/en\/wp-json\/wp\/v2\/types\/post"}],"author":[{"embeddable":true,"href":"https:\/\/mediashots.org\/en\/wp-json\/wp\/v2\/users\/3"}],"replies":[{"embeddable":true,"href":"https:\/\/mediashots.org\/en\/wp-json\/wp\/v2\/comments?post=16659"}],"version-history":[{"count":0,"href":"https:\/\/mediashots.org\/en\/wp-json\/wp\/v2\/posts\/16659\/revisions"}],"wp:featuredmedia":[{"embeddable":true,"href":"https:\/\/mediashots.org\/en\/wp-json\/wp\/v2\/media\/16506"}],"wp:attachment":[{"href":"https:\/\/mediashots.org\/en\/wp-json\/wp\/v2\/media?parent=16659"}],"wp:term":[{"taxonomy":"category","embeddable":true,"href":"https:\/\/mediashots.org\/en\/wp-json\/wp\/v2\/categories?post=16659"},{"taxonomy":"post_tag","embeddable":true,"href":"https:\/\/mediashots.org\/en\/wp-json\/wp\/v2\/tags?post=16659"}],"curies":[{"name":"wp","href":"https:\/\/api.w.org\/{rel}","templated":true}]}}